{"id":957,"date":"2021-12-22T13:30:13","date_gmt":"2021-12-22T12:30:13","guid":{"rendered":"http:\/\/www.silviagranata.it\/?p=957"},"modified":"2021-12-22T13:36:30","modified_gmt":"2021-12-22T12:36:30","slug":"terralha-diario-di-bordo-per-lassociazione-italiana-citta-della-ceramica-aicc","status":"publish","type":"post","link":"https:\/\/www.silviagranata.it\/en\/terralha-diario-di-bordo-per-lassociazione-italiana-citta-della-ceramica-aicc\/","title":{"rendered":"Terralha, diario di bordo per l&#8217;Associazione Italiana Citt\u00e0 della Ceramica AICC"},"content":{"rendered":"<p>Dal 16 al 18 Luglio 2021 si \u00e8 svolto\u00a0Terralha \u2013 Festival Europ\u00e9en des Arts C\u00e9ramiques\u00a0a Saint-Quentin-la-Poterie, citt\u00e0 della ceramica nel Sud della Francia.<\/p>\n<p>Terralha, Festival Europ\u00e9en des Arts C\u00e9ramiques, \u00e8 un evento che ha luogo a Saint-Quentin-la-Poterie, un piccolo centro a vocazione ceramica nella regione dell\u2019Occitaine nel sud della Francia.<\/p>\n<p>Ogni anno l\u2019amministrazione comunale seleziona circa 20 artisti da tutta Europa e mette loro a disposizione uno spazio dove organizzare una mostra personale.<br \/>\nL\u2019evento attira non solo turisti e appassionati, ma anche collezionisti e gallerie.<\/p>\n<p>Silvia Granata, artista ceramista di Savignano sul Rubicone (Emilia-Romagna), ha partecipato all\u2019edizione 2021 di Terralha.<\/p>\n<p><a href=\"https:\/\/www.buongiornoceramica.it\/home\/progetti\/esperienze\/silvia-granata-festival-terralha-a-st-quentin-la-poterie-francia\/\">https:\/\/www.buongiornoceramica.it\/home\/progetti\/esperienze\/silvia-granata-festival-terralha-a-st-quentin-la-poterie-francia\/<\/a><\/p>","protected":false},"excerpt":{"rendered":"<p>Dal 16 al 18 Luglio 2021 si \u00e8 svolto\u00a0Terralha \u2013 Festival Europ\u00e9en des Arts C\u00e9ramiques\u00a0a Saint-Quentin-la-Poterie, citt\u00e0 della ceramica nel Sud della Francia. Terralha, Festival Europ\u00e9en des Arts C\u00e9ramiques, \u00e8 un evento che ha luogo a Saint-Quentin-la-Poterie, un piccolo centro a vocazione ceramica nella regione dell\u2019Occitaine nel sud della Francia. Ogni anno l\u2019amministrazione comunale seleziona [&hellip;]<\/p>\n","protected":false},"author":2,"featured_media":963,"comment_status":"open","ping_status":"open","sticky":false,"template":"","format":"standard","meta":{"footnotes":""},"categories":[10],"tags":[],"_links":{"self":[{"href":"https:\/\/www.silviagranata.it\/en\/wp-json\/wp\/v2\/posts\/957"}],"collection":[{"href":"https:\/\/www.silviagranata.it\/en\/wp-json\/wp\/v2\/posts"}],"about":[{"href":"https:\/\/www.silviagranata.it\/en\/wp-json\/wp\/v2\/types\/post"}],"author":[{"embeddable":true,"href":"https:\/\/www.silviagranata.it\/en\/wp-json\/wp\/v2\/users\/2"}],"replies":[{"embeddable":true,"href":"https:\/\/www.silviagranata.it\/en\/wp-json\/wp\/v2\/comments?post=957"}],"version-history":[{"count":5,"href":"https:\/\/www.silviagranata.it\/en\/wp-json\/wp\/v2\/posts\/957\/revisions"}],"predecessor-version":[{"id":967,"href":"https:\/\/www.silviagranata.it\/en\/wp-json\/wp\/v2\/posts\/957\/revisions\/967"}],"wp:featuredmedia":[{"embeddable":true,"href":"https:\/\/www.silviagranata.it\/en\/wp-json\/wp\/v2\/media\/963"}],"wp:attachment":[{"href":"https:\/\/www.silviagranata.it\/en\/wp-json\/wp\/v2\/media?parent=957"}],"wp:term":[{"taxonomy":"category","embeddable":true,"href":"https:\/\/www.silviagranata.it\/en\/wp-json\/wp\/v2\/categories?post=957"},{"taxonomy":"post_tag","embeddable":true,"href":"https:\/\/www.silviagranata.it\/en\/wp-json\/wp\/v2\/tags?post=957"}],"curies":[{"name":"wp","href":"https:\/\/api.w.org\/{rel}","templated":true}]}}